{"id":956,"date":"2021-06-21T18:02:29","date_gmt":"2021-06-21T18:02:29","guid":{"rendered":"https:\/\/sadecefutbol.net\/?p=956"},"modified":"2021-06-21T18:03:15","modified_gmt":"2021-06-21T18:03:15","slug":"italyanin-formu-ahmet-kaan-ors","status":"publish","type":"post","link":"https:\/\/sadecefutbol.net\/index.php\/2021\/06\/21\/italyanin-formu-ahmet-kaan-ors\/","title":{"rendered":"EURO 2020 \u0130talya&#8217;n\u0131n Formu &#8211; Ahmet Kaan \u00d6rs"},"content":{"rendered":"\n<p>Euro 2020 turnuvas\u0131nda \u0130talya, 3 ma\u00e7\u0131n\u0131 da kazanarak grubunu 9 puanla lider tamamlamay\u0131 ba\u015fard\u0131. \u00d6zellikle \u00e7\u0131kt\u0131\u011f\u0131 \u00fc\u00e7 m\u00fccadelede de rakiplerine kar\u015f\u0131 g\u00f6sterdi\u011fi \u00fcst\u00fcn performans bir\u00e7ok spor severin dikkatini \u00e7ekti.<\/p>\n\n\n\n<p><strong>\u0130TALYA-T\u00dcRK\u0130YE<\/strong><\/p>\n\n\n\n<p>Turnuvadaki ilk ma\u00e7\u0131nda T\u00fcrkiye ile kar\u015f\u0131la\u015fan \u0130talyan milli tak\u0131m\u0131 ma\u00e7\u0131n ilk dakikas\u0131ndan itibaren oyuna h\u00e2kim olan taraft\u0131. 3\u2019l\u00fc orta sahada kullan\u0131lan Jorginho, Barella ve Locatelli \u00fc\u00e7l\u00fcs\u00fcn\u00fcn ge\u00e7i\u015f oyunundaki sert presi ve belirli zamanlarda stoper ikilisinin de bu prese kat\u0131lmas\u0131 T\u00fcrkiye\u2019nin oyun kurmas\u0131n\u0131 engelledi. Yap\u0131lan bu taktiksel y\u00f6nelimin neticesinde rakibine oyun kurma \u015fans\u0131 vermeyen \u0130talya, oyunu tamamen rakibinin ceza sahas\u0131 \u00f6n\u00fcnde oynamay\u0131 ba\u015fard\u0131.<\/p>\n\n\n\n<p>Oyun kontrol\u00fcn\u00fc eline alan tak\u0131m, h\u00fccum organizasyonu olarak da kanatlar\u0131 tercih etti. Kar\u015f\u0131la\u015fman\u0131n ilk yar\u0131s\u0131nda Insigne-Immobile ve Berardi-Immobile ikili oyunlar\u0131yla gol arayan \u0130talya, ilk devrede istedi\u011fi skoru alamad\u0131. Kar\u015f\u0131la\u015fman\u0131n ikinci yar\u0131s\u0131yla beraber h\u00fccumda bek oyuncular\u0131n\u0131n daha \u00e7ok rol ald\u0131\u011f\u0131n\u0131 g\u00f6zlemleme f\u0131rsat\u0131 bulduk.<\/p>\n\n\n\n<figure class=\"wp-block-image size-large\"><img loading=\"lazy\" decoding=\"async\" width=\"605\" height=\"328\" src=\"https:\/\/sadecefutbol.net\/wp-content\/uploads\/2021\/06\/image-4.png\" alt=\"\" class=\"wp-image-957\" srcset=\"https:\/\/sadecefutbol.net\/wp-content\/uploads\/2021\/06\/image-4.png 605w, https:\/\/sadecefutbol.net\/wp-content\/uploads\/2021\/06\/image-4-300x163.png 300w\" sizes=\"auto, (max-width: 605px) 100vw, 605px\" \/><\/figure>\n\n\n\n<p>\u00d6zellikle \u0130talya\u2019n\u0131n att\u0131\u011f\u0131 ikinci gol \u00f6ncesi, Spinazzola\u2019n\u0131n h\u00fccuma kat\u0131lmas\u0131 goldeki b\u00fcy\u00fck paylardan bir tanesiydi. Berardi\u2019nin yapt\u0131\u011f\u0131 orta esnas\u0131nda rakip ceza sahas\u0131nda kendini unutturan deneyimli bek, \u00f6nemli bir \u015fut imk\u00e2n\u0131 yakalad\u0131.<\/p>\n\n\n\n<p><strong>\u0130TALYA-\u0130SV\u0130\u00c7RE<\/strong><\/p>\n\n\n\n<p>Gruptaki ikinci m\u00fccadelesinde \u0130svi\u00e7re ile kar\u015f\u0131la\u015fan \u0130talyanlar, ilk ma\u00e7taki kadroyu \u00e7ok y\u00fcksek oranda korumay\u0131 tercih etti. Orta sahada uygulanan sert pres anlay\u0131\u015f\u0131 bu kar\u015f\u0131la\u015fmada da devam etti fakat topla oynama oran\u0131 ve isabetli pas say\u0131s\u0131 ilk ma\u00e7a oranla azalma g\u00f6sterdi. Bu istatistikte \u015f\u00fcphesiz ilk devre ortalar\u0131nda bulunan gol\u00fcnde etkisi vard\u0131.<\/p>\n\n\n\n<figure class=\"wp-block-image size-large\"><img loading=\"lazy\" decoding=\"async\" width=\"630\" height=\"366\" src=\"https:\/\/sadecefutbol.net\/wp-content\/uploads\/2021\/06\/image-5.png\" alt=\"\" class=\"wp-image-958\" srcset=\"https:\/\/sadecefutbol.net\/wp-content\/uploads\/2021\/06\/image-5.png 630w, https:\/\/sadecefutbol.net\/wp-content\/uploads\/2021\/06\/image-5-300x174.png 300w\" sizes=\"auto, (max-width: 630px) 100vw, 630px\" \/><\/figure>\n\n\n\n<p>Bir\u00e7ok farkl\u0131 h\u00fccum opsiyonu deneyerek gol arayan \u0130talya i\u00e7in h\u00fccumdaki sahte ko\u015fular fazlas\u0131yla \u00f6nem ta\u015f\u0131yordu. \u0130svi\u00e7re\u2019nin tercih etti\u011fi 3\u2019l\u00fc savunma \u00f6zellikle ilk dakikalarda Immobile\u2019nin topla tehlikeli b\u00f6lgede bulu\u015fmas\u0131n\u0131 engelliyordu. At\u0131lan ilk golde, Berardi\u2019nin i\u00e7eriye pas\u0131 \u00f6ncesi Barella yapt\u0131\u011f\u0131 ko\u015fuyla \u00fc\u00e7 savunma oyuncusunu \u00fcst\u00fcne \u00e7ekmeyi ba\u015fard\u0131 ve tak\u0131m arkada\u015f\u0131 Locatelli\u2019ye m\u00fcsait bir pozisyon olu\u015fturdu.<\/p>\n\n\n\n<figure class=\"wp-block-image size-large\"><img loading=\"lazy\" decoding=\"async\" width=\"637\" height=\"305\" src=\"https:\/\/sadecefutbol.net\/wp-content\/uploads\/2021\/06\/image-6.png\" alt=\"\" class=\"wp-image-959\" srcset=\"https:\/\/sadecefutbol.net\/wp-content\/uploads\/2021\/06\/image-6.png 637w, https:\/\/sadecefutbol.net\/wp-content\/uploads\/2021\/06\/image-6-300x144.png 300w\" sizes=\"auto, (max-width: 637px) 100vw, 637px\" \/><\/figure>\n\n\n\n<p>Kar\u015f\u0131la\u015fman\u0131n ikinci yar\u0131s\u0131nda ise, rakip ceza sahas\u0131 \u00f6n\u00fcnde topla bulu\u015fan Barella topu Locatelli\u2019ye yollad\u0131. Locatelli yapt\u0131\u011f\u0131 etkili vuru\u015f ile tak\u0131m\u0131n\u0131 2-0 \u00f6ne ge\u00e7irmeyi ba\u015fard\u0131. Barella\u2019n\u0131n topu ald\u0131\u011f\u0131 esnada Immobile\u2019nin an\u0131nda i\u00e7eriye kat etmesi ve bu sayede olas\u0131 bir vuru\u015f \u015fans\u0131nda Locatelli i\u00e7in en b\u00fcy\u00fck problem olacak Freuler\u2019i \u00fcst\u00fcne \u00e7ekmesi gol\u00fcn olu\u015fumundaki en b\u00fcy\u00fck sebeplerden biriydi.<\/p>\n\n\n\n<p><strong>\u0130TALYA-GALLER<\/strong><\/p>\n\n\n\n<p>Grubu b\u00fcy\u00fck oranda lider bitirme \u015fans\u0131n\u0131 eline alan \u0130talya, son kar\u015f\u0131la\u015fmas\u0131nda ise kadroda rotasyonu tercih etti. \u0130lk iki m\u00fccadelede ileri \u00fc\u00e7l\u00fcde g\u00f6rd\u00fc\u011f\u00fcm\u00fcz Insigne, Berardi ve Immobile yerini Chiesa-Bernardeschi-Belotti \u00fc\u00e7l\u00fcs\u00fcne b\u0131rakt\u0131. Sakatl\u0131\u011f\u0131 sebebiyle ilk iki ma\u00e7ta oynayamayan Verratti ise bu kar\u015f\u0131la\u015fmada ilk 11\u2019de kendine yer buldu. \u00d6zellikle \u00f6nceki ma\u00e7larda g\u00f6rd\u00fc\u011f\u00fcm\u00fcz orta sahadaki sert pres anlay\u0131\u015f\u0131n\u0131n Verrati\u2019nin kat\u0131l\u0131m\u0131yla farkl\u0131 bir seviye kazand\u0131\u011f\u0131n\u0131 s\u00f6yleyebiliriz.<\/p>\n\n\n\n<p>Verratti gibi ilk 11\u2019de kendisine ilk defa \u015fans verilen Pessina ise bir\u00e7ok h\u00fccum pozisyonunda ceza sahas\u0131na y\u00f6nelerek tak\u0131m\u0131 i\u00e7in \u015fut opsiyonu olmay\u0131 ba\u015fard\u0131. Kullan\u0131lan duran topta ise Pessina\u2019n\u0131n \u00f6ne do\u011fru h\u0131zl\u0131 ko\u015fusu kar\u015f\u0131la\u015fmadaki tek gol\u00fc getirdi.<\/p>\n\n\n\n<figure class=\"wp-block-image size-large\"><img loading=\"lazy\" decoding=\"async\" width=\"648\" height=\"402\" src=\"https:\/\/sadecefutbol.net\/wp-content\/uploads\/2021\/06\/image-7.png\" alt=\"\" class=\"wp-image-960\" srcset=\"https:\/\/sadecefutbol.net\/wp-content\/uploads\/2021\/06\/image-7.png 648w, https:\/\/sadecefutbol.net\/wp-content\/uploads\/2021\/06\/image-7-300x186.png 300w\" sizes=\"auto, (max-width: 648px) 100vw, 648px\" \/><\/figure>\n\n\n\n<p>Pessina ve Verratti\u2019nin \u00fcst\u00fcn orta saha oyunu d\u0131\u015f\u0131nda \u00f6zellikle kar\u015f\u0131la\u015fma i\u00e7inde bir\u00e7ok pozisyonda Chiesa ve Bernardeschi\u2019nin yer de\u011fi\u015ftirdi\u011fini g\u00f6rd\u00fck. \u00d6zellikle bu pozisyonda kar\u015f\u0131la\u015fmaya sa\u011f kanat olarak ba\u015flayan Bernardeschi sol kanatta topu kazanmay\u0131 ba\u015fard\u0131. Ayn\u0131 esnada ise Chiesa ters kanad\u0131 olan sa\u011f kanatta konumland\u0131. Ma\u00e7 i\u00e7inde bir\u00e7ok kez yap\u0131lan bu de\u011fi\u015fim, Galler kalesinde tehlikeli pozisyonlara sebep oldu. 55.dakikada ise Bernardeschi\u2019nin yine ters kanatta yapt\u0131\u011f\u0131 pres sonras\u0131 Ampadu\u2019nun yapt\u0131\u011f\u0131 sert m\u00fcdahale Galler\u2019in 10 ki\u015fi kalmas\u0131na sebep oldu.<\/p>\n\n\n\n<p><strong>GENEL \u0130STAT\u0130ST\u0130KLER<\/strong><\/p>\n\n\n\n<figure class=\"wp-block-table\"><table><tbody><tr><td>&nbsp;<\/td><td><strong>\u0130TALYA<\/strong><\/td><td><strong>RAK\u0130PLER\u0130<\/strong><\/td><\/tr><tr><td><strong>Toplam \u015eut<\/strong><\/td><td>60<\/td><td>12<\/td><\/tr><tr><td><strong>Toplam \u0130sabetli \u015eut<\/strong><\/td><td>19<\/td><td>2<\/td><\/tr><tr><td><strong>Toplam \u0130sabetli Pas<\/strong><\/td><td>1531<\/td><td>952<\/td><\/tr><tr><td><strong>Toplam RCS<\/strong><\/td><td>88<\/td><td>32<\/td><\/tr><\/tbody><\/table><figcaption>(RCS:Rakip Ceza Sahas\u0131nda Topla Bulu\u015fma)<\/figcaption><\/figure>\n\n\n\n<p><strong>AHMET KAAN \u00d6RS<\/strong><\/p>\n\n\n\n<p><\/p>\n","protected":false},"excerpt":{"rendered":"<p>Euro 2020 turnuvas\u0131nda \u0130talya, 3 ma\u00e7\u0131n\u0131 da kazanarak grubunu 9 puanla lider tamamlamay\u0131 ba\u015fard\u0131. \u00d6zellikle \u00e7\u0131kt\u0131\u011f\u0131 \u00fc\u00e7 m\u00fccadelede de rakiplerine<\/p>\n","protected":false},"author":1,"featured_media":961,"comment_status":"open","ping_status":"open","sticky":false,"template":"","format":"standard","meta":{"om_disable_all_campaigns":false,"_monsterinsights_skip_tracking":false,"_monsterinsights_sitenote_active":false,"_monsterinsights_sitenote_note":"","_monsterinsights_sitenote_category":0,"footnotes":""},"categories":[1],"tags":[],"class_list":["post-956","post","type-post","status-publish","format-standard","has-post-thumbnail","hentry","category-futbol"],"_links":{"self":[{"href":"https:\/\/sadecefutbol.net\/index.php\/wp-json\/wp\/v2\/posts\/956","targetHints":{"allow":["GET"]}}],"collection":[{"href":"https:\/\/sadecefutbol.net\/index.php\/wp-json\/wp\/v2\/posts"}],"about":[{"href":"https:\/\/sadecefutbol.net\/index.php\/wp-json\/wp\/v2\/types\/post"}],"author":[{"embeddable":true,"href":"https:\/\/sadecefutbol.net\/index.php\/wp-json\/wp\/v2\/users\/1"}],"replies":[{"embeddable":true,"href":"https:\/\/sadecefutbol.net\/index.php\/wp-json\/wp\/v2\/comments?post=956"}],"version-history":[{"count":2,"href":"https:\/\/sadecefutbol.net\/index.php\/wp-json\/wp\/v2\/posts\/956\/revisions"}],"predecessor-version":[{"id":963,"href":"https:\/\/sadecefutbol.net\/index.php\/wp-json\/wp\/v2\/posts\/956\/revisions\/963"}],"wp:featuredmedia":[{"embeddable":true,"href":"https:\/\/sadecefutbol.net\/index.php\/wp-json\/wp\/v2\/media\/961"}],"wp:attachment":[{"href":"https:\/\/sadecefutbol.net\/index.php\/wp-json\/wp\/v2\/media?parent=956"}],"wp:term":[{"taxonomy":"category","embeddable":true,"href":"https:\/\/sadecefutbol.net\/index.php\/wp-json\/wp\/v2\/categories?post=956"},{"taxonomy":"post_tag","embeddable":true,"href":"https:\/\/sadecefutbol.net\/index.php\/wp-json\/wp\/v2\/tags?post=956"}],"curies":[{"name":"wp","href":"https:\/\/api.w.org\/{rel}","templated":true}]}}